{"id":139,"date":"2017-04-06T22:11:17","date_gmt":"2017-04-06T20:11:17","guid":{"rendered":"http:\/\/www.ilcittadinoonline.it\/ti-racconto-la-politica\/?p=139"},"modified":"2017-04-06T22:11:17","modified_gmt":"2017-04-06T20:11:17","slug":"i-social-network","status":"publish","type":"post","link":"https:\/\/www.ilcittadinoonline.it\/ti-racconto-la-politica\/senza-categoria\/i-social-network\/","title":{"rendered":"I social network"},"content":{"rendered":"<p align=\"justify\">\n<p><strong><span style=\"font-size: large;\">di Giannantonio Spotorno<\/span><\/strong><\/p>\n<p><span style=\"font-size: large;\">Nella Pentecoste del Manzoni si parla della luce che cade uguale su tutte le cose, mentre ogni cosa emana un colore diverso.<\/span><\/p>\n<p><span style=\"font-size: large;\">La comunicazione \u00e8 luce della conoscenza e la politica sa quanto essa sia forte strumento di persuasione. Di l\u00e0 delle ciance delle \u201clingue\u201d all\u2019ammasso, la politica non pu\u00f2 prescindere dall\u2019intelligenza; essa, per suo compito, organizza la vita sociale e il popolo, invece di bistrattarla facendosene perfino vanto, dovrebbe assisterla per opporsi ai prepotenti che la manipolano a loro piacimento.<\/span><\/p>\n<p><span style=\"font-size: large;\">La politica parla anche il \u201cpolitichese\u201d che, in barba alle interpretazioni di viscerali e paranoici, \u00e8 una specie di linguaggio dell\u2019intelligenza.<\/span><\/p>\n<p><span style=\"font-size: large;\">Una delle nostre pagine pi\u00f9 lette, (<b><i>Realt\u00e0 e linguaggio<\/i><\/b> &#8211; <b><a href=\"http:\/\/www.opinione.it\/politica\/2015\/12\/05\/spotorno_politica-05-12.aspx\">capito n.16<\/a><\/b>), ci ha detto come il linguaggio possa \u201cmodellare\u201d la realt\u00e0, proprio mentre la rappresenta.<\/span><\/p>\n<p><span style=\"font-size: large;\">Tutto muta e se, anche con un pizzico d\u2019ironia, pensiamo al piccione viaggiatore, al dispaccio \u201ca cavallo\u201d, alla missiva con francobollo e alla pi\u00f9 recente ma pur sempre antica telefonata, notiamo che i social network modificano radicalmente il concetto stesso di comunicazione.<\/span><\/p>\n<p><span style=\"font-size: large;\">La modernit\u00e0 richiede un forte impegno di \u201cassimilazione\u201d individuale e sociale; certo inneggiare alla semplicit\u00e0 \u00e8 come inneggiare all\u2019ignoranza.<\/span><\/p>\n<p><span style=\"font-size: large;\">Il mondo cambia e occorre impegnarsi a capirlo per non rimanere prigionieri dell\u2019antico.<\/span><\/p>\n<p><span style=\"font-size: large;\">Questo corso descrive molti meccanismi, anzi veleni che la politica delinquente usa per sopraffare la politica perbene; ma la conoscenza deve stimolare la capacit\u00e0 di capire.<\/span><\/p>\n<p><span style=\"font-size: large;\">I social network sono potenti strumenti di comunicazione; alcuni si specializzano per tipologie, utenti e temi, mentre altri sono pi\u00f9 genericamente una sorta di nuova agor\u00e0 in cui si \u201cpasseggia\u201d per dire qualsiasi cosa.<\/span><\/p>\n<p><span style=\"font-size: large;\">Il social network \u201cpiazza\u201d, \u00e8 lo strumento di comunicazione pi\u00f9 potente di cui il popolo abbia fin qui potuto disporre. Mette in contatto milioni di persone, non \u00e8 inaccessibile come il mas media tradizionale \u2026 ed \u00e8 potenzialmente \u201cmiracoloso\u201d per la strutturazione della progettualit\u00e0 politica popolare.<\/span><\/p>\n<p><span style=\"font-size: large;\">Invece? Invece prevale la volgarit\u00e0, l\u2019arroganza e l\u2019immediatezza di quanti credono d\u2019avere una personalit\u00e0 forte, mentre sono l\u2019assoluto nulla.<\/span><\/p>\n<p><span style=\"font-size: large;\">Invece? Invece imperversa l\u2019eccitato esercito di \u201copinionari\u201d da strapazzo che divulgano le grandi balle dell\u2019informazione pilotata, cos\u00ec trasformandosi in robot telecomandati dal plagio istituzionale.<\/span><\/p>\n<p><span style=\"font-size: large;\">Invece? Invece scorrazza la morbosa vanagloria di sedicenti rivoluzionari e perfino politologi totalmente incapaci di formulare un progetto di rivalsa popolare serio ed efficace.<\/span><\/p>\n<p><span style=\"font-size: large;\">Invece? Invece, inabile a capire le potenzialit\u00e0 dello strumento che il destino tecnologico\u00a0 mette a disposizione, prevale un universo di squallidi gruppi\u00a0 che rappresentano i limiti, i modi e i temi della pi\u00f9 tragica superficialit\u00e0 popolare.<\/span><\/p>\n<p><span style=\"font-size: large;\">Il nostro popolo \u00e8 afflitto da istituzioni oppressive ma \u00e8 anche patologicamente \u201cincurante\u201d, oppure fissato in forme di lotta che si dimostrano inutili da almeno mezzo secolo.<\/span><\/p>\n<p><span style=\"font-size: large;\">Merita ogni solidariet\u00e0 per ci\u00f2 che subisce, ma va anche rimproverato per la gravissima superficialit\u00e0 con cui si rende perdente.<\/span><\/p>\n<p><span style=\"font-size: large;\">Pu\u00f2 capire, ma deve decidersi a capire!<\/span><\/p>\n","protected":false},"excerpt":{"rendered":"<p>di Giannantonio Spotorno Nella Pentecoste del Manzoni si parla della luce che cade uguale su tutte le cose, mentre ogni cosa emana un colore diverso. La comunicazione \u00e8 luce della conoscenza e la politica sa quanto essa sia forte strumento di persuasione. Di l\u00e0 delle ciance delle \u201clingue\u201d all\u2019ammasso, la politica non pu\u00f2 prescindere dall\u2019intelligenza; [&hellip;]<\/p>\n","protected":false},"author":4,"featured_media":140,"comment_status":"open","ping_status":"open","sticky":false,"template":"","format":"standard","meta":{"ngg_post_thumbnail":0,"footnotes":""},"categories":[1],"tags":[],"class_list":{"0":"post-139","1":"post","2":"type-post","3":"status-publish","4":"format-standard","5":"has-post-thumbnail","7":"category-senza-categoria"},"acf":[],"_links":{"self":[{"href":"https:\/\/www.ilcittadinoonline.it\/ti-racconto-la-politica\/wp-json\/wp\/v2\/posts\/139","targetHints":{"allow":["GET"]}}],"collection":[{"href":"https:\/\/www.ilcittadinoonline.it\/ti-racconto-la-politica\/wp-json\/wp\/v2\/posts"}],"about":[{"href":"https:\/\/www.ilcittadinoonline.it\/ti-racconto-la-politica\/wp-json\/wp\/v2\/types\/post"}],"author":[{"embeddable":true,"href":"https:\/\/www.ilcittadinoonline.it\/ti-racconto-la-politica\/wp-json\/wp\/v2\/users\/4"}],"replies":[{"embeddable":true,"href":"https:\/\/www.ilcittadinoonline.it\/ti-racconto-la-politica\/wp-json\/wp\/v2\/comments?post=139"}],"version-history":[{"count":1,"href":"https:\/\/www.ilcittadinoonline.it\/ti-racconto-la-politica\/wp-json\/wp\/v2\/posts\/139\/revisions"}],"predecessor-version":[{"id":141,"href":"https:\/\/www.ilcittadinoonline.it\/ti-racconto-la-politica\/wp-json\/wp\/v2\/posts\/139\/revisions\/141"}],"wp:featuredmedia":[{"embeddable":true,"href":"https:\/\/www.ilcittadinoonline.it\/ti-racconto-la-politica\/wp-json\/wp\/v2\/media\/140"}],"wp:attachment":[{"href":"https:\/\/www.ilcittadinoonline.it\/ti-racconto-la-politica\/wp-json\/wp\/v2\/media?parent=139"}],"wp:term":[{"taxonomy":"category","embeddable":true,"href":"https:\/\/www.ilcittadinoonline.it\/ti-racconto-la-politica\/wp-json\/wp\/v2\/categories?post=139"},{"taxonomy":"post_tag","embeddable":true,"href":"https:\/\/www.ilcittadinoonline.it\/ti-racconto-la-politica\/wp-json\/wp\/v2\/tags?post=139"}],"curies":[{"name":"wp","href":"https:\/\/api.w.org\/{rel}","templated":true}]}}