{"id":117,"date":"2015-09-04T15:41:52","date_gmt":"2015-09-04T13:41:52","guid":{"rendered":"http:\/\/www.ilcittadinoonline.it\/la-scorzonera-fragilis\/?p=117"},"modified":"2015-09-09T12:45:37","modified_gmt":"2015-09-09T10:45:37","slug":"la-scoperta-dellitalia","status":"publish","type":"post","link":"https:\/\/www.ilcittadinoonline.it\/la-scorzonera-fragilis\/la-scoperta-dellitalia\/","title":{"rendered":"La scoperta dell&#8217;Italia"},"content":{"rendered":"<p><strong><a href=\"https:\/\/www.ilcittadinoonline.it\/la-scorzonera-fragilis\/wp-content\/uploads\/sites\/3\/2015\/09\/Giotto-Annunciazione-Cappella-degli-Scrovegli-Padova.jpg\"><img loading=\"lazy\" decoding=\"async\" class=\"alignleft size-medium wp-image-118\" src=\"https:\/\/www.ilcittadinoonline.it\/la-scorzonera-fragilis\/wp-content\/uploads\/sites\/3\/2015\/09\/Giotto-Annunciazione-Cappella-degli-Scrovegli-Padova-300x127.jpg\" alt=\"Giotto-Annunciazione-Cappella-degli-Scrovegli-Padova\" width=\"300\" height=\"127\" srcset=\"https:\/\/www.ilcittadinoonline.it\/la-scorzonera-fragilis\/wp-content\/uploads\/sites\/3\/2015\/09\/Giotto-Annunciazione-Cappella-degli-Scrovegli-Padova-300x127.jpg 300w, https:\/\/www.ilcittadinoonline.it\/la-scorzonera-fragilis\/wp-content\/uploads\/sites\/3\/2015\/09\/Giotto-Annunciazione-Cappella-degli-Scrovegli-Padova-1024x434.jpg 1024w, https:\/\/www.ilcittadinoonline.it\/la-scorzonera-fragilis\/wp-content\/uploads\/sites\/3\/2015\/09\/Giotto-Annunciazione-Cappella-degli-Scrovegli-Padova.jpg 1445w\" sizes=\"auto, (max-width: 300px) 100vw, 300px\" \/><\/a>di Silvana Biasutti<\/strong><\/p>\n<p>SIENA. Serve andare fino a Milano per scoprire l\u2019Italia? Non quella masticata dalla politica, ma quella \u2013 imperfetta e bellissima \u2013 che i guasti dell\u2019arrivismo, le mafie, la corruzione (e la conseguente tolleranza delle infinite disonest\u00e0 \u2018tipiche\u2019, piccole e grandi) hanno appannato e ciancicato ormai anche nell\u2019immaginario dell\u2019ahim\u00e8 universo mondo. Serve, s\u00ec, se si va a incontrare uno che l\u2019ha descritta come sublime fusione di pensieri, gesti e paesaggio, senza soluzione di continuit\u00e0 tra essi e usando la luce per illuminare la passione che emanano i volti (\u201c\u2026 e ora ha Giotto il grido \u2026\u201d).<\/p>\n<p>Non serve se non si ha chiaro negli occhi e nella mente il capitale che viene quotidianamente sciupato \u2013 dagli italiani \u2013 e se non se ne comprende il valore immenso (s\u00ec, anche economico, ma dopo tutto il resto!).<\/p>\n<p>Andare fino a Milano (non c\u2019\u00e8 solo Expo) pu\u00f2 servire anche per constatare che conoscenza, esperienza e conseguente competenza (in luogo della tessera di un partito) restituiscono allo sguardo e alla mente terra e gente che uno ha vissuto dal vivo, incontrato e camminato quotidianamente, sapendo che sono l\u00ec, ma rischiano di sciogliersi come neve al sole di questa estate torrida e crudele. Visiti \u201cGiotto, l\u2019Italia\u201d, a Palazzo Reale e ti viene in mente la sistemazione dei capolavori nella Pinacoteca Nazionale a Siena, o gli strattonamenti della politica per il complesso del Santa Maria della Scala, il cui messaggio \u2013 oggi di drammaticamente rinnovata attualit\u00e0 \u2013 \u00e8 annichilito da meri interessi di business (o almeno cos\u00ec pare).<\/p>\n<p>Poi leggo su un quotidiano una \u2018cartolina\u2019 di Franco Arminio \u2013 \u201cA settembre si smontano i paesi\u201d \u2013 e il patrimonio che tralasciamo diventa immane e quasi inafferrabile, e si \u00e8 colti da sgomento per il paradossale sciupio di energia, di bellezza (e, s\u00ec, anche di denaro!) costituito da comuni, frazioni e frazioncine che formano un tesoro disseminato \u2013 provinciale, regionale, nazionale \u2013 che anzich\u00e9 essere posti cos\u00ec come sono all\u2019attenzione dei privilegiati intelligenti assetati di bellezza (non-solo-vino-e-nemmeno-solo-pecorino), sono stati e sono ancora (nonostante alcune lodevoli eccezioni e prese di consapevolezza) terra dove si immagina di tutto, fuorch\u00e9 ci\u00f2 che asseconderebbe la loro \u2018valorizzazione\u2019; \u2018valorizzazione\u2019 pensata ancora come sfruttamento da parte di pochissimi che magari stanno altrove, a svantaggio delle comunit\u00e0 che vivono nei luoghi.<\/p>\n<p>Arminio, un materano (se non erro) che si sta dedicando a ripopolare una rete di piccoli villaggi nei suoi luoghi, scrive dello smontaggio, a fine stagione, di banchetti e gazebo che hanno ospitato fiere e kermesse, sagre e notti pi\u00f9 o meno bianche dando vita a una girandola estiva a uso di un turismo che sniffa l\u2019aroma di porchetta e usma la tipicit\u00e0 nel bicchiere. Egli non mi pare sia poi cos\u00ec critico nei confronti di questi succedanei di feste e festival pi\u00f9 paludati e meno gastro-orientati, tuttavia sottolinea come i piccoli paesi d\u2019Italia \u2013 come un\u2019impuntura che tiene insieme il tessuto del paese \u2013 non possono essere (modo indicativo) lasciati \u201cai fasti della desolazione\u201d delle stagioni meno turistiche, meno calde, meno (apparentemente) suggestive. E scrive che non si riesce a farne \u201cuna questione politica\u201d (per\u00f2 mi vengono i brividi pensando a cosa potrebbe inventarsi in merito una certa politica); chiude poi la sua \u2018cartolina\u2019 rivelando che quest\u2019ultima estate ha segnato tracce pi\u00f9 profonde e che molti giovani hanno \u201ccapito che \u00e8 il caso di tornare ai paesi o di tentare di non andare via\u201d. Spero che questa sua conclusione sia esatta, ma in ogni caso la sua cartolina ha lasciato una traccia in me e io \u2013 nel mio minuscolo piccolo \u2013 ne scrivo, avendo in mente una bella porzione del patrimonio evocato, avendo ben presente quale risorsa esso sia \u2013 quasi sempre ancora incompresa \u2013 e quale capacit\u00e0 esso abbia di attrarre sguardi interessanti (e non solo interessati) per fare in modo che ogni villaggio, ogni frazione torni a essere un insediamento umano, in modo contemporaneo; e quale potenziale in termini di creazione di lavoro sarebbe \u201crestaurare\u201d tutto ci\u00f2 che merita di esserlo.<\/p>\n<p>Pensiamoci ora, anzich\u00e9 piangere su Palmira, altrimenti l\u2019Isis siamo noi.<\/p>\n","protected":false},"excerpt":{"rendered":"<p>di Silvana Biasutti SIENA. Serve andare fino a Milano per scoprire l\u2019Italia? Non quella masticata dalla politica, ma quella \u2013 imperfetta e bellissima \u2013 che i guasti dell\u2019arrivismo, le mafie, la corruzione (e la conseguente tolleranza delle infinite disonest\u00e0 \u2018tipiche\u2019, piccole e grandi) hanno appannato e ciancicato ormai anche nell\u2019immaginario dell\u2019ahim\u00e8 universo mondo. Serve, s\u00ec, [&hellip;]<\/p>\n","protected":false},"author":3,"featured_media":0,"comment_status":"open","ping_status":"open","sticky":false,"template":"","format":"standard","meta":{"ngg_post_thumbnail":0,"footnotes":""},"categories":[1],"tags":[],"class_list":{"0":"post-117","1":"post","2":"type-post","3":"status-publish","4":"format-standard","6":"category-la-scorzonera-fragilis"},"acf":[],"_links":{"self":[{"href":"https:\/\/www.ilcittadinoonline.it\/la-scorzonera-fragilis\/wp-json\/wp\/v2\/posts\/117","targetHints":{"allow":["GET"]}}],"collection":[{"href":"https:\/\/www.ilcittadinoonline.it\/la-scorzonera-fragilis\/wp-json\/wp\/v2\/posts"}],"about":[{"href":"https:\/\/www.ilcittadinoonline.it\/la-scorzonera-fragilis\/wp-json\/wp\/v2\/types\/post"}],"author":[{"embeddable":true,"href":"https:\/\/www.ilcittadinoonline.it\/la-scorzonera-fragilis\/wp-json\/wp\/v2\/users\/3"}],"replies":[{"embeddable":true,"href":"https:\/\/www.ilcittadinoonline.it\/la-scorzonera-fragilis\/wp-json\/wp\/v2\/comments?post=117"}],"version-history":[{"count":1,"href":"https:\/\/www.ilcittadinoonline.it\/la-scorzonera-fragilis\/wp-json\/wp\/v2\/posts\/117\/revisions"}],"predecessor-version":[{"id":119,"href":"https:\/\/www.ilcittadinoonline.it\/la-scorzonera-fragilis\/wp-json\/wp\/v2\/posts\/117\/revisions\/119"}],"wp:attachment":[{"href":"https:\/\/www.ilcittadinoonline.it\/la-scorzonera-fragilis\/wp-json\/wp\/v2\/media?parent=117"}],"wp:term":[{"taxonomy":"category","embeddable":true,"href":"https:\/\/www.ilcittadinoonline.it\/la-scorzonera-fragilis\/wp-json\/wp\/v2\/categories?post=117"},{"taxonomy":"post_tag","embeddable":true,"href":"https:\/\/www.ilcittadinoonline.it\/la-scorzonera-fragilis\/wp-json\/wp\/v2\/tags?post=117"}],"curies":[{"name":"wp","href":"https:\/\/api.w.org\/{rel}","templated":true}]}}