{"id":114,"date":"2015-08-26T10:26:40","date_gmt":"2015-08-26T08:26:40","guid":{"rendered":"http:\/\/www.ilcittadinoonline.it\/la-scorzonera-fragilis\/?p=114"},"modified":"2015-08-26T10:26:40","modified_gmt":"2015-08-26T08:26:40","slug":"un-passo-indietro","status":"publish","type":"post","link":"https:\/\/www.ilcittadinoonline.it\/la-scorzonera-fragilis\/un-passo-indietro\/","title":{"rendered":"Un passo indietro"},"content":{"rendered":"<p><strong>di Silvana Biasutti<\/strong><\/p>\n<p>MONTALCINO<em>. Non so voi:\u00a0io non guardo la televisione e tuttavia trovo nelle pagine dei quotidiani motivi per commuovermi e vergognarmi. Vergognarmi di questa finta Europa che esiste solo se c\u2019\u00e8 da riscuotere; altrimenti \u2018si salvi chi pu\u00f2\u2019 e ognuno badi al proprio interesse.\u00a0Non so voi, ma io mi vergogno di\u00a0aver espresso, votando, questi ragionieri\u00a0della retorica,\u00a0con cravatta da esibizionista di serie c. Ma li ho (li abbiamo) veramente\u00a0votati?\u00a0<\/em><\/p>\n<p>Confesso che non ho mai aderito al concetto di accoglienza cos\u00ec come reclamata da una \u201csinistra\u201d che invece di esprimere democrazia mi pare\u00a0solo speculativa. Di pi\u00f9: questo \u2013 anzi, quel \u2013 concetto di accoglienza non lo condivido per niente. Perch\u00e9 a me suona pi\u00f9 o meno cos\u00ec: \u201d ti salvo e socchiudo gli occhi sulle dinamiche che ti hanno portato ad attraversare il mare, per giungere nel nostro paese. Qui c\u2019\u00e8 gente di buona volont\u00e0 (?) che ti rimpannuccia e ti sfama, campandoci, perch\u00e9 per questi \u00e8 diventato un lavoro, che in tempi di non lavoro \u00e8 gi\u00e0 qualcosa. Magari qualcuno ci specula, ma sai com\u2019\u00e8, succede. Tu vieni qui, poi si vedr\u00e0\u201d<\/p>\n<p>Pi\u00f9 precisamente non sono d\u2019accordo sul \u201cpoi si vedr\u00e0\u201d, perch\u00e9 \u00e8 un modo che in Italia (ma forse anche in Europa) ha avuto fin troppo spazio e qualche volta anche successo. Ma oggi solo un cretino pu\u00f2 pensare di cavarsela lasciando che \u201cle cose seguano il loro corso\u201d tanto\u00a0poi tutto si stemperer\u00e0 si diluir\u00e0, nel tempo e nei luoghi. Quelli che arrivano, per mare e per terra, sono un assaggino,\u00a0l\u2019antipasto di un\u2019altra epoca che va affrontata e \u2013 come si usava dire ai tempi della sinistra\u00a0che ci ha illusi \u2013 \u2018gestita\u2019. Perch\u00e9 spazio e risorse ci sarebbero, ma si preferisce buttarli via o fraintenderli per permettere ad alcuni amici di fare affari.<\/p>\n<p>Dunque questo concetto sbandierato, sciorinato, usato contro qualcosa e non criticamente per parlare di possibili progetti, che nulla dice\u00a0a proposito della\u00a0gestione di una diaspora che non ci permetter\u00e0 di chiudere gli occhi e ignorarla, non mi piace, anzi mi impaurisce. Ma invece non mi impauriscono i profughi \u2013 comincerei a chiamarli cos\u00ec e a distinguere tra di loro chi, da dove, perch\u00e9, con pi\u00f9 attenzione, con maggior preparazione e\u00a0con dovuta dedizione -.<\/p>\n<p>Mi fa paura questa Europa in tailleur o in grisaglia che bada agli spread e cura gli affari, ma ignora la politica, cio\u00e8 la gestione dei bisogni e dei sogni (s\u00ec, c\u2019\u00e8 spazio anche per i sogni!) dei suoi abitanti e di quelli che arrivano scappando da orrori inauditi. Poi ci sarebbe \u2013 torno a sottolinearlo \u2013 da distinguerli da altri che su fronti diversi (incluso il terrorismo alimentato dai signori di qualcosa) approfittano di questa(e) diaspora(e).<\/p>\n<p>Vorrei vedere i governanti europei attivarsi, porsi il problema, parlare \u2013 anche dell\u2019impotenza e della paura che suscita questa massa di persone che letteralmente corrono a piedi nudi verso frontiere e confini per andare (forse) non sanno nemmeno dove -. Se siamo in Europa, vorrei che si creasse un gruppo di uomini (e ovviamente donne) del governo europeo,\u00a0coraggiosi, immaginifici, disposti a \u2018metterci la faccia\u2019, che lavori in continuum per affrontare questo che \u00e8 il primo rivolo di un fenomeno di cui abbiamo avuto una miriade di avvisaglie. Vorrei quindi che qualcuno ci avvertisse della necessit\u00e0 di fare un passo indietro \u2013 ma\u00a0tutti! \u2013 rispetto al nostro attuale tenore di vita, per creare un surplus da riservare ai nuovi profughi; a quelli veri e non a quelli inventati.<\/p>\n<p>Sono convinta che\u00a0 \u2013 a parte i cretini e pochi altri \u2013 molti pensano (e l\u2019uso dell\u2019indicativo non \u00e8 casuale) che l\u2019accoglienza all\u2019impronta non sia adatta al momento; penso che chi specula andrebbe \u2018fucilato\u2019, come uno sciacallo in un\u2019emergenza. Penso che anche il \u201cpasso indietro\u201d, volenti o nolenti, saremo costretti a farlo e che se viene fatto in modo ragionevole e senza speculazioni in favore di gruppi di potere, partiti, multinazionali, mafie, eccetera, sar\u00e0 pi\u00f9 gestibile e meno doloroso. Sar\u00e0, \u00e8, qualcosa di un po\u2019 diverso dalla \u201cdecrescita felice\u201d cantata da Serge Latouche. Ma pu\u00f2 anche non essere \u201cUn passo indietro infelice\u201d, se\u00a0chi nominalmente governa si decide ad affrontare la realt\u00e0.<\/p>\n","protected":false},"excerpt":{"rendered":"<p>di Silvana Biasutti MONTALCINO. Non so voi:\u00a0io non guardo la televisione e tuttavia trovo nelle pagine dei quotidiani motivi per commuovermi e vergognarmi. Vergognarmi di questa finta Europa che esiste solo se c\u2019\u00e8 da riscuotere; altrimenti \u2018si salvi chi pu\u00f2\u2019 e ognuno badi al proprio interesse.\u00a0Non so voi, ma io mi vergogno di\u00a0aver espresso, votando, [&hellip;]<\/p>\n","protected":false},"author":3,"featured_media":115,"comment_status":"open","ping_status":"open","sticky":false,"template":"","format":"standard","meta":{"ngg_post_thumbnail":0,"footnotes":""},"categories":[1],"tags":[],"class_list":{"0":"post-114","1":"post","2":"type-post","3":"status-publish","4":"format-standard","5":"has-post-thumbnail","7":"category-la-scorzonera-fragilis"},"acf":[],"_links":{"self":[{"href":"https:\/\/www.ilcittadinoonline.it\/la-scorzonera-fragilis\/wp-json\/wp\/v2\/posts\/114","targetHints":{"allow":["GET"]}}],"collection":[{"href":"https:\/\/www.ilcittadinoonline.it\/la-scorzonera-fragilis\/wp-json\/wp\/v2\/posts"}],"about":[{"href":"https:\/\/www.ilcittadinoonline.it\/la-scorzonera-fragilis\/wp-json\/wp\/v2\/types\/post"}],"author":[{"embeddable":true,"href":"https:\/\/www.ilcittadinoonline.it\/la-scorzonera-fragilis\/wp-json\/wp\/v2\/users\/3"}],"replies":[{"embeddable":true,"href":"https:\/\/www.ilcittadinoonline.it\/la-scorzonera-fragilis\/wp-json\/wp\/v2\/comments?post=114"}],"version-history":[{"count":1,"href":"https:\/\/www.ilcittadinoonline.it\/la-scorzonera-fragilis\/wp-json\/wp\/v2\/posts\/114\/revisions"}],"predecessor-version":[{"id":116,"href":"https:\/\/www.ilcittadinoonline.it\/la-scorzonera-fragilis\/wp-json\/wp\/v2\/posts\/114\/revisions\/116"}],"wp:featuredmedia":[{"embeddable":true,"href":"https:\/\/www.ilcittadinoonline.it\/la-scorzonera-fragilis\/wp-json\/wp\/v2\/media\/115"}],"wp:attachment":[{"href":"https:\/\/www.ilcittadinoonline.it\/la-scorzonera-fragilis\/wp-json\/wp\/v2\/media?parent=114"}],"wp:term":[{"taxonomy":"category","embeddable":true,"href":"https:\/\/www.ilcittadinoonline.it\/la-scorzonera-fragilis\/wp-json\/wp\/v2\/categories?post=114"},{"taxonomy":"post_tag","embeddable":true,"href":"https:\/\/www.ilcittadinoonline.it\/la-scorzonera-fragilis\/wp-json\/wp\/v2\/tags?post=114"}],"curies":[{"name":"wp","href":"https:\/\/api.w.org\/{rel}","templated":true}]}}