{"id":108,"date":"2015-04-24T10:13:03","date_gmt":"2015-04-24T08:13:03","guid":{"rendered":"http:\/\/www.ilcittadinoonline.it\/la-scorzonera-fragilis\/?p=108"},"modified":"2015-04-24T10:13:03","modified_gmt":"2015-04-24T08:13:03","slug":"il-vero-lusso","status":"publish","type":"post","link":"https:\/\/www.ilcittadinoonline.it\/la-scorzonera-fragilis\/il-vero-lusso\/","title":{"rendered":"Il Vero Lusso"},"content":{"rendered":"<p><span style=\"font-size: large;\"><b><a href=\"https:\/\/www.ilcittadinoonline.it\/la-scorzonera-fragilis\/wp-content\/uploads\/sites\/3\/2015\/04\/palazzo-vecchio.jpg\"><img loading=\"lazy\" decoding=\"async\" class=\"alignleft size-medium wp-image-110\" src=\"https:\/\/www.ilcittadinoonline.it\/la-scorzonera-fragilis\/wp-content\/uploads\/sites\/3\/2015\/04\/palazzo-vecchio-300x200.jpg\" alt=\"palazzo vecchio\" width=\"300\" height=\"200\" srcset=\"https:\/\/www.ilcittadinoonline.it\/la-scorzonera-fragilis\/wp-content\/uploads\/sites\/3\/2015\/04\/palazzo-vecchio-300x200.jpg 300w, https:\/\/www.ilcittadinoonline.it\/la-scorzonera-fragilis\/wp-content\/uploads\/sites\/3\/2015\/04\/palazzo-vecchio-1024x683.jpg 1024w, https:\/\/www.ilcittadinoonline.it\/la-scorzonera-fragilis\/wp-content\/uploads\/sites\/3\/2015\/04\/palazzo-vecchio-274x183.jpg 274w, https:\/\/www.ilcittadinoonline.it\/la-scorzonera-fragilis\/wp-content\/uploads\/sites\/3\/2015\/04\/palazzo-vecchio-80x54.jpg 80w, https:\/\/www.ilcittadinoonline.it\/la-scorzonera-fragilis\/wp-content\/uploads\/sites\/3\/2015\/04\/palazzo-vecchio-130x87.jpg 130w, https:\/\/www.ilcittadinoonline.it\/la-scorzonera-fragilis\/wp-content\/uploads\/sites\/3\/2015\/04\/palazzo-vecchio-359x240.jpg 359w, https:\/\/www.ilcittadinoonline.it\/la-scorzonera-fragilis\/wp-content\/uploads\/sites\/3\/2015\/04\/palazzo-vecchio-85x57.jpg 85w, https:\/\/www.ilcittadinoonline.it\/la-scorzonera-fragilis\/wp-content\/uploads\/sites\/3\/2015\/04\/palazzo-vecchio-546x365.jpg 546w, https:\/\/www.ilcittadinoonline.it\/la-scorzonera-fragilis\/wp-content\/uploads\/sites\/3\/2015\/04\/palazzo-vecchio-165x109.jpg 165w, https:\/\/www.ilcittadinoonline.it\/la-scorzonera-fragilis\/wp-content\/uploads\/sites\/3\/2015\/04\/palazzo-vecchio-347x233.jpg 347w, https:\/\/www.ilcittadinoonline.it\/la-scorzonera-fragilis\/wp-content\/uploads\/sites\/3\/2015\/04\/palazzo-vecchio-112x75.jpg 112w, https:\/\/www.ilcittadinoonline.it\/la-scorzonera-fragilis\/wp-content\/uploads\/sites\/3\/2015\/04\/palazzo-vecchio-179x120.jpg 179w, https:\/\/www.ilcittadinoonline.it\/la-scorzonera-fragilis\/wp-content\/uploads\/sites\/3\/2015\/04\/palazzo-vecchio-765x510.jpg 765w, https:\/\/www.ilcittadinoonline.it\/la-scorzonera-fragilis\/wp-content\/uploads\/sites\/3\/2015\/04\/palazzo-vecchio-170x113.jpg 170w, https:\/\/www.ilcittadinoonline.it\/la-scorzonera-fragilis\/wp-content\/uploads\/sites\/3\/2015\/04\/palazzo-vecchio-81x55.jpg 81w, https:\/\/www.ilcittadinoonline.it\/la-scorzonera-fragilis\/wp-content\/uploads\/sites\/3\/2015\/04\/palazzo-vecchio.jpg 1800w\" sizes=\"auto, (max-width: 300px) 100vw, 300px\" \/><\/a>di Silvana Biasutti<\/b><br \/>\n<\/span><\/p>\n<p>SIENA. Leggo che la riunione fiorentina, organizzata da Cond\u00e9 Nast in Palazzo Vecchio, sul tema del nuovo lusso, ha avuto grande successo.<\/p>\n<p>Leggo anche che i relatori si sono presi \u201cil lusso\u201d di menzionare la vera povert\u00e0 \u2013 di quelli che non posseggono proprio niente, nemmeno s\u00e9 stessi \u2013 cio\u00e8 i profughi che sbarcano su queste rive del Mediterraneo.<\/p>\n<p>Leggendo la cronaca delle giornate fiorentine di quelli che campano pensando alle chicche per i sempre pi\u00f9 ricchi, mi \u00e8 sembrato di fare un salto nel tempo \u2013 salto all\u2019indietro (una mia specialit\u00e0 ai tempi del liceo) \u2013 quando tra le riviste che trovavo in casa mia (una casa in cui si leggeva di tutto e soprattutto si leggeva), ce n\u2019era una (Derby) che presentava reportage dal mondo della moda, con foto in bianco e nero molto belle, dell\u2019equitazione (disegni e ancora moda dedicata al settore specifico), dei gioielli. Il tono di voce, lo stile della rivista, le immagini, evocavano un mondo che mi era estraneo, ma di cui sentivo accenni, in casa, nei dialoghi tra i miei genitori; molti personaggi della mondanit\u00e0 e della borghesia di quel tempo erano clienti di mio padre, che aveva nei loro confronti l\u2019approccio di un entomologo, che tiene da conto le proprie prede, per studiarle bene e che le ripone con cura \u2026<\/p>\n<p>La cronaca di questo convegno fiorentino mi ricorda proprio quelle pagine di Derby, che presentavano un mondo a parte, qualcosa che non mi era dato frequentare, prescindendo anche dalla mia et\u00e0. Un mondo che non mi suscitava sentimenti al di fuori dell\u2019impulso di disegnare \u2013 vestiti, paesaggi, acconciature \u2013 com\u2019\u00e8 naturale che succeda a una bambina.<\/p>\n<p>Ma leggendo, e guardando le immagini, mi \u00e8 sembrato evidente che sia la scelta del luogo, Palazzo Vecchio, sia i contenuti stessi del convegno siano il segno che si \u00e8 ri-scoperta l\u2019acqua calda.<\/p>\n<p>Perch\u00e9, infatti, pare che abbiano scoperto ci\u00f2 che fa dell\u2019Italia non solo lo scenario ideale per un tale convegno, ma anche la fonte dell\u2019ispirazione dei temi che girano intorno al super lusso tramutandolo in oggetti e stili incantevoli. Pare dunque che si siano accorti che l\u2019origine sia proprio \u2013 ma guarda un po\u2019! \u2013 il patrimonio culturale che si \u00e8 andato stratificando nel nostro paese, ad opera di intellettuali, artigiani e artisti (sorretti e incoraggiati dai politici e governanti dei tempi antichi).<\/p>\n<p>In altre parole, ci\u00f2 che oggi \u00e8 ri-scoperto, ri-trovato, ri-guardato, \u00e8 tutto ci\u00f2 che \u00e8 stato scartato, dimenticato, negletto, trascurato e persino irriso (\u201ccon la cultura non si mangia\u201d) nei decenni passati.<\/p>\n<p>Da quando ho memoria, avendo scelto di studiare con un grande artista, all\u2019Accademia di Belle Arti, a Brera, mi sono resa conto degli scantonamenti sistematici della politica e dei suoi uomini rispetto alle testimonianze culturali e artistiche del nostro paese. I politici hanno sempre preferito i caveau delle banche e il mondo degli affari agli affreschi e ai polittici della grande arte.<\/p>\n<p>Ora che il mondo degli affari ha scoperto il cibo e la cultura, come nuove miniere per produrre ulteriori fatturati, forse dovremmo prestare attenzione \u2013 finalmente \u2013 a quei lussi di cui abbiamo goduto finora e di cui la pi\u00f9 parte di noi non ha avuto contezza, perch\u00e9 il lusso nella mente della gente comune equivale al \u2018vil denaro\u2019, talch\u00e9 tutto ci\u00f2 che non ha un valore monetizzabile immediatamente, non viene preso in considerazione.<\/p>\n<p>Perci\u00f2 provo a suggerire di pensare quale potrebbe essere il lusso a cui siamo abituati \u2013 ma senza considerarlo tale \u2013 che qualcuno, in un non lontano futuro potrebbe sottrarci.<\/p>\n<p>Alcuni esempi, non cos\u00ec fantascientifici. Se una piazza o un centro storico divenissero il polo d\u2019attrazione per una sceltissima e rarefatta schiera di clienti superlusso, perch\u00e9 non chiuderli alla gente qualunque, magari condizionando la possibilit\u00e0 di visitarli al pagamento di un biglietto salato (eppure era quella bella piazza elegante dove ogni tanto ci prendevamo \u201cil lusso\u201d di un caff\u00e8 lustrandoci gli occhi con le architetture e i giardini e l\u2019insieme armonioso).<\/p>\n<p>Quanto vi piace affacciarvi su un balcone naturale e guardare il paesaggio che si stende, a completa disposizione dei vostri sensi, fino all\u2019orizzonte? Occhio che prima o poi qualcuno potrebbe trasformare il luogo in un belvedere a pagamento, pretendendo in cambio del bello \u2018sguardo\u2019, moneta sonante. Certo, non potr\u00e0 accadere laddove l\u2019urbanistica dei miei stivali ha autorizzato una casetta qui e un condonino l\u00ec, o qualche bell\u2019insediamento di casette a schiera, magari su un crinale incontaminato e franante.<\/p>\n<p>Tuttavia in molti luoghi in cui bellezza e armonia naturali hanno dato vita a testimonianze artistiche di quanto il bel paesaggio sia ricostituente per il nostro spirito e nutriente per la nostra creativit\u00e0, qualche politico della nouvelle vague potrebbe pensare di instaurare nuove regole, un po\u2019 per fare cassa, un po\u2019 per liberare i grandi ricchi dalla visione della gente comune, in luoghi che \u201cdevono\u201d essere dedicati solo a chi pu\u00f2 pagare per guardarli \u2026<\/p>\n<p>Fantascienza? Speriamo.<\/p>\n","protected":false},"excerpt":{"rendered":"<p>di Silvana Biasutti SIENA. Leggo che la riunione fiorentina, organizzata da Cond\u00e9 Nast in Palazzo Vecchio, sul tema del nuovo lusso, ha avuto grande successo. Leggo anche che i relatori si sono presi \u201cil lusso\u201d di menzionare la vera povert\u00e0 \u2013 di quelli che non posseggono proprio niente, nemmeno s\u00e9 stessi \u2013 cio\u00e8 i profughi [&hellip;]<\/p>\n","protected":false},"author":3,"featured_media":0,"comment_status":"open","ping_status":"open","sticky":false,"template":"","format":"standard","meta":{"ngg_post_thumbnail":0,"footnotes":""},"categories":[1],"tags":[134,133,131,132],"class_list":{"0":"post-108","1":"post","2":"type-post","3":"status-publish","4":"format-standard","6":"category-la-scorzonera-fragilis","7":"tag-biglietto","8":"tag-firenze","9":"tag-lusso","10":"tag-ricchi"},"acf":[],"_links":{"self":[{"href":"https:\/\/www.ilcittadinoonline.it\/la-scorzonera-fragilis\/wp-json\/wp\/v2\/posts\/108","targetHints":{"allow":["GET"]}}],"collection":[{"href":"https:\/\/www.ilcittadinoonline.it\/la-scorzonera-fragilis\/wp-json\/wp\/v2\/posts"}],"about":[{"href":"https:\/\/www.ilcittadinoonline.it\/la-scorzonera-fragilis\/wp-json\/wp\/v2\/types\/post"}],"author":[{"embeddable":true,"href":"https:\/\/www.ilcittadinoonline.it\/la-scorzonera-fragilis\/wp-json\/wp\/v2\/users\/3"}],"replies":[{"embeddable":true,"href":"https:\/\/www.ilcittadinoonline.it\/la-scorzonera-fragilis\/wp-json\/wp\/v2\/comments?post=108"}],"version-history":[{"count":1,"href":"https:\/\/www.ilcittadinoonline.it\/la-scorzonera-fragilis\/wp-json\/wp\/v2\/posts\/108\/revisions"}],"predecessor-version":[{"id":111,"href":"https:\/\/www.ilcittadinoonline.it\/la-scorzonera-fragilis\/wp-json\/wp\/v2\/posts\/108\/revisions\/111"}],"wp:attachment":[{"href":"https:\/\/www.ilcittadinoonline.it\/la-scorzonera-fragilis\/wp-json\/wp\/v2\/media?parent=108"}],"wp:term":[{"taxonomy":"category","embeddable":true,"href":"https:\/\/www.ilcittadinoonline.it\/la-scorzonera-fragilis\/wp-json\/wp\/v2\/categories?post=108"},{"taxonomy":"post_tag","embeddable":true,"href":"https:\/\/www.ilcittadinoonline.it\/la-scorzonera-fragilis\/wp-json\/wp\/v2\/tags?post=108"}],"curies":[{"name":"wp","href":"https:\/\/api.w.org\/{rel}","templated":true}]}}