{"id":395,"date":"2018-02-23T16:44:34","date_gmt":"2018-02-23T15:44:34","guid":{"rendered":"http:\/\/www.ilcittadinoonline.it\/cronache-dal-medioevo\/?p=395"},"modified":"2018-02-23T16:44:34","modified_gmt":"2018-02-23T15:44:34","slug":"la-giustizia-nella-siena-fu","status":"publish","type":"post","link":"https:\/\/www.ilcittadinoonline.it\/cronache-dal-medioevo\/la-giustizia-nella-siena-fu\/","title":{"rendered":"La giustizia nella Siena che fu"},"content":{"rendered":"<p><span style=\"font-size: 12pt;\"><b>di Augusto Codogno<\/b><\/span><\/p>\n<p style=\"text-align: left;\" align=\"JUSTIFY\"><span style=\"font-size: medium;\">SIENA. <strong>(prima parte) <\/strong>Nel corso delle mie ricerche storiche nei vari archivi senesi, mi \u00e8 capitato spesso di imbattermi in notizie curiose che hanno suscitato in me stupore o semplice ilarit\u00e0. Quelle che ho ritenuto particolarmente interessanti o semplicemente divertenti sono andate a finire in una piccola cartellina del mio computer e solo recentemente mi sono reso conto, meravigliandomene per primo, che il loro numero era quantitativamente considerevole. <\/span><\/p>\n<p style=\"text-align: left;\" align=\"JUSTIFY\"><span style=\"font-size: medium;\">Nel frattempo il mio amico Luigi Bichi, particolarmente abile nelle ricerche in Archivio Arcivescovile di Siena, ne ha collezionate delle altre che mi ha puntualmente girato, tanto che adesso credo di possederne diverse centinaia.<\/span><\/p>\n<p style=\"text-align: left;\" align=\"JUSTIFY\"><span style=\"font-size: medium;\">Sono quelle notizie che provengono da contesti minori di vita cittadina (a partire dal quattrocento) e dai vari luoghi del contado senese, che non hanno mai interessato i grandi storici perch\u00e9 raccontavano fatti secondari e meno \u201cprimari\u201d.<\/span><\/p>\n<p style=\"text-align: left;\" align=\"JUSTIFY\"><span style=\"font-size: medium;\">Eppure anche questa \u201cstoria minore\u201d \u00e8 qualificante proprio perch\u00e9 straordinariamente vera e ci fa vivere per qualche attimo la stessa atmosfera che si respirava dalle nostre parti qualche secolo fa.<\/span><\/p>\n<p style=\"text-align: left;\" align=\"JUSTIFY\"><span style=\"font-size: medium;\">La polizia, detta in quei secoli \u201c<\/span><span style=\"font-size: medium;\"><i><b>Bargello<\/b><\/i><\/span><span style=\"font-size: medium;\">\u201d, operava giorno e notte per mantenere leggi e regole in citt\u00e0 ed in campagna tramite i suoi agenti detti \u201c<\/span><span style=\"font-size: medium;\"><i><b>famigli <\/b><\/i><\/span><span style=\"font-size: medium;\"><i>o<\/i><\/span><span style=\"font-size: medium;\"><i><b> famegli <\/b><\/i><\/span><span style=\"font-size: medium;\"><i>o anche<\/i><\/span><span style=\"font-size: medium;\"><i><b> Birri<\/b><\/i><\/span><span style=\"font-size: medium;\">\u201d. <\/span><span style=\"font-size: medium;\">Erano loro che coglievano sul fatto ed arrestavano in flagrante ladri e delinquenti, oppure intervenivano a fatto compiuto incarcerando malfattori veri e presunti, in attesa del successivo processo e interrogatorio.<\/span><\/p>\n<p style=\"text-align: left;\" align=\"JUSTIFY\"><span style=\"font-size: medium;\">Tra le numerosissime cause civili e penali istruite nella citt\u00e0 di Siena, spiccano per numero quelle riconducibili al fenomeno della prostituzione, segno che il fenomeno era veramente diffusissimo.<\/span><\/p>\n<p style=\"text-align: left;\" align=\"JUSTIFY\"><span style=\"font-size: medium;\">Molto facile infatti imbattersi in cause dove le povere donne \u201cdi mestiere\u201d venivano offese, derubate e picchiate, come accadde per esempio nel gennaio 1545 a \u201c<\/span><span style=\"font-size: medium;\"><i><b>Meia<\/b><\/i><\/span><span style=\"font-size: medium;\"><i>, meretrice in San Marco<\/i><\/span><span style=\"font-size: medium;\">\u201d, presa a bastonate o nel 1561 a \u201c<\/span><span style=\"font-size: medium;\"><i><b>Maddalena<\/b><\/i><\/span><span style=\"font-size: medium;\"><i>, meretrice in Salicotto<\/i><\/span><span style=\"font-size: medium;\">\u201d. La competizione doveva essere altissima nel campo del \u201c<\/span><span style=\"font-size: medium;\"><i>commercio carnale<\/i><\/span><span style=\"font-size: medium;\">\u201d, come lo definiva la legge e per questo si cercavano spesso nuovi \u201cmercati\u201d. Fu cos\u00ec che nel luglio del 1561 finirono in carcere \u201c<\/span><span style=\"font-size: medium;\"><b>Presidia Dominici <\/b><\/span><span style=\"font-size: medium;\">da Santa Fiora, <\/span><span style=\"font-size: medium;\"><b>Donna Maddalena<\/b><\/span><span style=\"font-size: medium;\"> e <\/span><span style=\"font-size: medium;\"><b>Caterina Guglielmi<\/b><\/span><span style=\"font-size: medium;\"> detta la <\/span><span style=\"font-size: medium;\"><i><b>Ciabattina<\/b><\/i><\/span><span style=\"font-size: medium;\">, meretrici in San Marco\u201d, ree di essere \u201c<\/span><span style=\"font-size: medium;\"><i>entrate nel convento di S. Agostino e tentato commercio con i frati<\/i><\/span><span style=\"font-size: medium;\">\u201d. <\/span><span style=\"font-size: medium;\">Ma nello stesso anno vennero imprigionate anche una certa Vittoria e una Caterina da Pistoia, note meretrici operanti in citt\u00e0.<\/span><\/p>\n<p style=\"text-align: left;\" align=\"JUSTIFY\"><span style=\"font-size: medium;\">Mi sono incuriosito tantissimo nel leggere i verbali dei processi a queste povere donne e soprattutto nel conoscere i loro \u201cnomi d\u2019arte\u201d che erano veramente bizzarri e fantasiosi.<\/span><\/p>\n<p style=\"text-align: left;\" align=\"JUSTIFY\"><span style=\"font-family: Courier\\ New, serif;\"><span style=\"font-size: small;\"><span style=\"font-family: Calibri, serif;\"><span style=\"font-size: medium;\">Maria detta <\/span><\/span><span style=\"font-family: Calibri, serif;\"><span style=\"font-size: medium;\"><i><b>la Morte<\/b><\/i><\/span><\/span><span style=\"font-family: Calibri, serif;\"><span style=\"font-size: medium;\"> e Margarita detta <\/span><\/span><span style=\"font-family: Calibri, serif;\"><span style=\"font-size: medium;\"><i><b>Occhi di pollo<\/b><\/i><\/span><\/span><span style=\"font-family: Calibri, serif;\"><span style=\"font-size: medium;\">, meretrici in Salicotto; Lisabetta Parmi detta <\/span><\/span><span style=\"font-family: Calibri, serif;\"><span style=\"font-size: medium;\"><i><b>la Nasuncula<\/b><\/i><\/span><\/span><span style=\"font-family: Calibri, serif;\"><span style=\"font-size: medium;\">, pubblica meretrice presso S. Giusto; Margarita detta <\/span><\/span><span style=\"font-family: Calibri, serif;\"><span style=\"font-size: medium;\"><i><b>Zufolina<\/b><\/i><\/span><\/span><span style=\"font-family: Calibri, serif;\"><span style=\"font-size: medium;\">, meretrice in Rialto; Oritia detta <\/span><\/span><span style=\"font-family: Calibri, serif;\"><span style=\"font-size: medium;\"><i><b>la Merlina<\/b><\/i><\/span><\/span><span style=\"font-family: Calibri, serif;\"><span style=\"font-size: medium;\"> meretrice in Via de&#8217; Maestri; Costanza detta <\/span><\/span><span style=\"font-family: Calibri, serif;\"><span style=\"font-size: medium;\"><i><b>la Rancina<\/b><\/i><\/span><\/span><span style=\"font-family: Calibri, serif;\"><span style=\"font-size: medium;\"> meretrice in Via de&#8217; Maestri; Lucretia detta <\/span><\/span><span style=\"font-family: Calibri, serif;\"><span style=\"font-size: medium;\"><i><b>la Dentona<\/b><\/i><\/span><\/span><span style=\"font-family: Calibri, serif;\"><span style=\"font-size: medium;\"> meretrice nel Chiasso di Coda; Donna Maria detta <\/span><\/span><span style=\"font-family: Calibri, serif;\"><span style=\"font-size: medium;\"><i><b>la Ciavattaia<\/b><\/i><\/span><\/span><span style=\"font-family: Calibri, serif;\"><span style=\"font-size: medium;\">, meretrice in San Marco; una certa <\/span><\/span><span style=\"font-family: Calibri, serif;\"><span style=\"font-size: medium;\"><i><b>Baliaccia<\/b><\/i><\/span><\/span><span style=\"font-family: Calibri, serif;\"><span style=\"font-size: medium;\">, meretrice all\u2019Orbachi; Cecilia Nelli detta <\/span><\/span><span style=\"font-family: Calibri, serif;\"><span style=\"font-size: medium;\"><i><b>l\u2019Impiccatina<\/b><\/i><\/span><\/span><span style=\"font-family: Calibri, serif;\"><span style=\"font-size: medium;\">, meretrice in Contrada dell\u2019Onda; Agnesa Belli detta <\/span><\/span><span style=\"font-family: Calibri, serif;\"><span style=\"font-size: medium;\"><i><b>la Bruna<\/b><\/i><\/span><\/span><span style=\"font-family: Calibri, serif;\"><span style=\"font-size: medium;\"> meretrice nei pressi di San Pietro alle Scale; Margherita detta <\/span><\/span><span style=\"font-family: Calibri, serif;\"><span style=\"font-size: medium;\"><i><b>la Gozzuta<\/b><\/i><\/span><\/span><span style=\"font-family: Calibri, serif;\"><span style=\"font-size: medium;\">, pubblica meretrice in Castel Vecchio. Ed ancora: <\/span><\/span><span style=\"font-family: Calibri, serif;\"><span style=\"font-size: medium;\"><i><b>la Gazzarina<\/b><\/i><\/span><\/span><span style=\"font-family: Calibri, serif;\"><span style=\"font-size: medium;\">, Domenica Pini dal Casentino detta <\/span><\/span><span style=\"font-family: Calibri, serif;\"><span style=\"font-size: medium;\"><i><b>la Ceccona<\/b><\/i><\/span><\/span><span style=\"font-family: Calibri, serif;\"><span style=\"font-size: medium;\">, Menica detta <\/span><\/span><span style=\"font-family: Calibri, serif;\"><span style=\"font-size: medium;\"><i><b>la Zoppina<\/b><\/i><\/span><\/span><span style=\"font-family: Calibri, serif;\"><span style=\"font-size: medium;\">, Maria detta <\/span><\/span><span style=\"font-family: Calibri, serif;\"><span style=\"font-size: medium;\"><i><b>la Pisanina<\/b><\/i><\/span><\/span><span style=\"font-family: Calibri, serif;\"><span style=\"font-size: medium;\">, Maddalena detta <\/span><\/span><span style=\"font-family: Calibri, serif;\"><span style=\"font-size: medium;\"><i><b>la Cardinalina<\/b><\/i><\/span><\/span><span style=\"font-family: Calibri, serif;\"><span style=\"font-size: medium;\">, Menica detta <\/span><\/span><span style=\"font-family: Calibri, serif;\"><span style=\"font-size: medium;\"><i><b>Sette Giuli<\/b><\/i><\/span><\/span><span style=\"font-family: Calibri, serif;\"><span style=\"font-size: medium;\">, Laura detta <\/span><\/span><span style=\"font-family: Calibri, serif;\"><span style=\"font-size: medium;\"><i><b>la Tafana<\/b><\/i><\/span><\/span><span style=\"font-family: Calibri, serif;\"><span style=\"font-size: medium;\">, Francesca Gori detta <\/span><\/span><span style=\"font-family: Calibri, serif;\"><span style=\"font-size: medium;\"><i><b>la Sposina<\/b><\/i><\/span><\/span><span style=\"font-family: Calibri, serif;\"><span style=\"font-size: medium;\">, donna Maddalena detta la <\/span><\/span><span style=\"font-family: Calibri, serif;\"><span style=\"font-size: medium;\"><i><b>Facchina Piccina<\/b><\/i><\/span><\/span><span style=\"font-family: Calibri, serif;\"><span style=\"font-size: medium;\">.<\/span><\/span><\/span><\/span><\/p>\n<p style=\"text-align: left;\" align=\"JUSTIFY\"><span style=\"font-family: Courier\\ New, serif;\"><span style=\"font-size: small;\"><span style=\"font-family: Calibri, serif;\"><span style=\"font-size: medium;\">Era molto facile inoltre, nel cinquecento e nel seicento, incorrere anche in altri tipi di reato che nel mondo di oggi ci sembrerebbero al limite dell\u2019assurdo.<\/span><\/span><\/span><\/span><\/p>\n<p style=\"text-align: left;\" align=\"JUSTIFY\"><span style=\"font-family: Courier\\ New, serif;\"><span style=\"font-size: small;\"><span style=\"font-family: Calibri, serif;\"><span style=\"font-size: medium;\">Citer\u00f2 per esempio quelli numerosissimi a sfondo religioso, che vietavano di fare musica e qualsiasi tipo di gioco in prossimit\u00e0 delle chiese o rumoreggiare durante le funzioni, ma anche di lavorare la domenica. Il \u201cgiorno santo\u201d era infatti il giorno del riposo e della preghiera e non era permessa nessuna attivit\u00e0, neanche in campagna. Molti documenti infatti riportano condanne per chi trasgrediva il cosiddetto \u201c<\/span><\/span><span style=\"font-family: Calibri, serif;\"><span style=\"font-size: medium;\"><i><b>Bando delle Feste<\/b><\/i><\/span><\/span><span style=\"font-family: Calibri, serif;\"><span style=\"font-size: medium;\">\u201d.<\/span><\/span><\/span><\/span><\/p>\n<p style=\"text-align: left;\" align=\"JUSTIFY\"><span style=\"font-family: Courier\\ New, serif;\"><span style=\"font-size: small;\"><span style=\"font-family: Calibri, serif;\"><span style=\"font-size: medium;\">Fu cos\u00ec che nel 1568 fu condannato tale Bartolomeo Usinini che, in compagnia di due donne, faceva \u201c<\/span><\/span><span style=\"font-family: Calibri, serif;\"><span style=\"font-size: medium;\"><i>bordello<\/i><\/span><\/span><span style=\"font-family: Calibri, serif;\"><span style=\"font-size: medium;\">\u201d nei pressi della Cattedrale, disturbando la predica.<\/span><\/span><\/span><\/span><\/p>\n<p style=\"text-align: left;\" align=\"JUSTIFY\"><span style=\"font-size: medium;\">E spesso erano gli stessi preti che, invece di denunciare e far intervenire i pubblici ufficiali, si facevano giustizia da soli come accadde nel novembre 1549 a Sovicille. Fu proprio Don Antonio, cappellano della locale chiesa di S. Lorenzo che percosse tale Agostino di Angelo Piccardini perch\u00e9 suonava il cembalo troppo vicino alla sua chiesa.<\/span><\/p>\n<p style=\"text-align: left;\" align=\"JUSTIFY\"><span style=\"font-size: medium;\">Nel febbraio 1561 furono portati in giudizio da un parroco (Don Jacomo Tommasini), addirittura due personaggi di spicco della citt\u00e0, tale Magnifico Persio Buoninsegni e Niccol\u00f2 Brogioni perch\u00e9 \u201c<\/span><span style=\"font-size: medium;\"><i>passeggiavano nella chiesa di S. Agostino mentre era in corso la funzione per S. Agata<\/i><\/span><span style=\"font-size: medium;\">\u201d.<\/span><\/p>\n<p style=\"text-align: left;\" align=\"JUSTIFY\"><span style=\"font-size: medium;\">Ben tre mesi di prigione furono combinati a tale \u201c<\/span><span style=\"font-size: medium;\"><i>Piero che sta al Palazzo de\u2019 Diavoli<\/i><\/span><span style=\"font-size: medium;\">\u201d perch\u00e9 colpevole di \u201c<\/span><span style=\"font-size: medium;\"><i>essere grande bestemmiatore<\/i><\/span><span style=\"font-size: medium;\">\u201d.<\/span><\/p>\n<p style=\"text-align: left;\" align=\"JUSTIFY\"><span style=\"font-size: medium;\">Ma le condanne fioccavano anche per chi veniva sorpreso a lavorare la domenica come <\/span><span style=\"font-size: medium;\"><i><b>Gosto Landi<\/b><\/i><\/span><span style=\"font-size: medium;\"> (anno 1566), abitante a S. Maria delle Grazie vicino a Porta Camollia o, nello stesso anno, <\/span><span style=\"font-size: medium;\"><b>Francesco Dominici<\/b><\/span><span style=\"font-size: medium;\">, <\/span><span style=\"font-size: medium;\"><i>pizzicaiolo<\/i><\/span><span style=\"font-size: medium;\">, che fu sorpreso a fare un muro in \u201c<\/span><span style=\"font-size: medium;\"><i>Campo Reggi<\/i><\/span><span style=\"font-size: medium;\">\u201d (Camporegio).<\/span><\/p>\n<p style=\"text-align: left;\" align=\"JUSTIFY\"><span style=\"font-size: medium;\">Stessa sorte tocc\u00f2 a Mastro Antonio e mastro Piero entrambi muratori. Quest\u2019ultimo, con l\u2019aiuto di un suo garzone, lavorava di domenica in San Marco, in casa della fornaia Caterina.<\/span><\/p>\n<p style=\"text-align: left;\" align=\"JUSTIFY\"><span style=\"font-size: medium;\">Idem per Filippo Vannini, anch\u2019egli non rispettoso del bando delle feste. Quest\u2019ultimo era stato giudicato colpevole perch\u00e9 la domenica, dopo essere andato ad un matrimonio in quel di Frontignano, al ritorno \u201c<\/span><span style=\"font-size: medium;\"><i>aveva portato delle legna sul cavallo<\/i><\/span><span style=\"font-size: medium;\">\u201d.<\/span><\/p>\n<p style=\"text-align: left;\" align=\"JUSTIFY\"><span style=\"font-size: medium;\">Furono condannati invece qualche anno prima (1564) Ciclelio, Michele e Mattia, tre scolari tedeschi perch\u00e9 trovati a \u201c<\/span><span style=\"font-size: medium;\"><i>mangiare carne il Venerd\u00ec<\/i><\/span><span style=\"font-size: medium;\">\u201d.<\/span><\/p>\n<p style=\"text-align: left;\" align=\"JUSTIFY\"><span style=\"font-size: medium;\"><b>(<em>Continua<\/em>)<\/b><\/span><\/p>\n","protected":false},"excerpt":{"rendered":"<p>di Augusto Codogno SIENA. (prima parte) Nel corso delle mie ricerche storiche nei vari archivi senesi, mi \u00e8 capitato spesso di imbattermi in notizie curiose che hanno suscitato in me stupore o semplice ilarit\u00e0. Quelle che ho ritenuto particolarmente interessanti o semplicemente divertenti sono andate a finire in una piccola cartellina del mio computer e [&hellip;]<\/p>\n","protected":false},"author":3,"featured_media":396,"comment_status":"open","ping_status":"open","sticky":false,"template":"","format":"standard","meta":{"ngg_post_thumbnail":0,"footnotes":""},"categories":[1],"tags":[],"class_list":{"0":"post-395","1":"post","2":"type-post","3":"status-publish","4":"format-standard","5":"has-post-thumbnail","7":"category-cronache-dal-medioevo"},"acf":[],"_links":{"self":[{"href":"https:\/\/www.ilcittadinoonline.it\/cronache-dal-medioevo\/wp-json\/wp\/v2\/posts\/395","targetHints":{"allow":["GET"]}}],"collection":[{"href":"https:\/\/www.ilcittadinoonline.it\/cronache-dal-medioevo\/wp-json\/wp\/v2\/posts"}],"about":[{"href":"https:\/\/www.ilcittadinoonline.it\/cronache-dal-medioevo\/wp-json\/wp\/v2\/types\/post"}],"author":[{"embeddable":true,"href":"https:\/\/www.ilcittadinoonline.it\/cronache-dal-medioevo\/wp-json\/wp\/v2\/users\/3"}],"replies":[{"embeddable":true,"href":"https:\/\/www.ilcittadinoonline.it\/cronache-dal-medioevo\/wp-json\/wp\/v2\/comments?post=395"}],"version-history":[{"count":1,"href":"https:\/\/www.ilcittadinoonline.it\/cronache-dal-medioevo\/wp-json\/wp\/v2\/posts\/395\/revisions"}],"predecessor-version":[{"id":397,"href":"https:\/\/www.ilcittadinoonline.it\/cronache-dal-medioevo\/wp-json\/wp\/v2\/posts\/395\/revisions\/397"}],"wp:featuredmedia":[{"embeddable":true,"href":"https:\/\/www.ilcittadinoonline.it\/cronache-dal-medioevo\/wp-json\/wp\/v2\/media\/396"}],"wp:attachment":[{"href":"https:\/\/www.ilcittadinoonline.it\/cronache-dal-medioevo\/wp-json\/wp\/v2\/media?parent=395"}],"wp:term":[{"taxonomy":"category","embeddable":true,"href":"https:\/\/www.ilcittadinoonline.it\/cronache-dal-medioevo\/wp-json\/wp\/v2\/categories?post=395"},{"taxonomy":"post_tag","embeddable":true,"href":"https:\/\/www.ilcittadinoonline.it\/cronache-dal-medioevo\/wp-json\/wp\/v2\/tags?post=395"}],"curies":[{"name":"wp","href":"https:\/\/api.w.org\/{rel}","templated":true}]}}